[{"@context":"https:\/\/schema.org\/","@type":"Article","@id":"https:\/\/www.efeta.sk\/investujme-do-spanku\/#Article","mainEntityOfPage":"https:\/\/www.efeta.sk\/investujme-do-spanku\/","headline":"Investujme do sp\u00e1nku !","name":"Investujme do sp\u00e1nku !","description":"Kto chce svie\u017ey rozum, sp\u00ed na matracoch Segum. Chce\u0161 sa vyspa\u0165 e\u0161te viac? \u013dahni na Segum matrac ! Humor, slovn\u00e9 hra\u010dky&#8230; ? Nie, v\u00f4bec nie. Ve\u010f humor je ve\u013emi v\u00e1\u017ena vec. A d\u00f4le\u017eit\u00e1, zvl\u00e1\u0161\u0165 v dne\u0161nej dobe, ke\u010f sme atakovan\u00ed epid\u00e9miami Covidu, infl\u00e1cie, zdra\u017eovania, populizmu, a in\u00fdmi \u017eivotn\u00fdmi n\u00e1strahami. Viac &hellip;","datePublished":"2021-09-22","dateModified":"2023-04-29","author":{"@type":"Person","@id":"https:\/\/www.efeta.sk\/author\/#Person","name":"","url":"https:\/\/www.efeta.sk\/author\/","identifier":1,"image":{"@type":"ImageObject","@id":"https:\/\/secure.gravatar.com\/avatar\/325464d7e09ffe52889ba6983accc5cdb65d0a54acd9a25cd7e409bd3eba713a?s=96&d=mm&r=g","url":"https:\/\/secure.gravatar.com\/avatar\/325464d7e09ffe52889ba6983accc5cdb65d0a54acd9a25cd7e409bd3eba713a?s=96&d=mm&r=g","height":96,"width":96}},"publisher":{"@type":"Organization","name":"efeta.sk","logo":{"@type":"ImageObject","@id":"\/logo.png","url":"\/logo.png","width":600,"height":60}},"image":{"@type":"ImageObject","@id":"https:\/\/www.efeta.sk\/wp-content\/uploads\/Historick%C3%BD%20matrac.jpg","url":"https:\/\/www.efeta.sk\/wp-content\/uploads\/Historick%C3%BD%20matrac.jpg","height":0,"width":0},"url":"https:\/\/www.efeta.sk\/investujme-do-spanku\/","about":["Lifestyle"],"wordCount":505,"articleBody":"   Kto chce svie\u017ey rozum, sp\u00ed na matracoch Segum. Chce\u0161 sa vyspa\u0165 e\u0161te viac? \u013dahni na Segum matrac ! Humor, slovn\u00e9 hra\u010dky&#8230; ? Nie, v\u00f4bec nie. Ve\u010f humor je ve\u013emi v\u00e1\u017ena vec. A d\u00f4le\u017eit\u00e1, zvl\u00e1\u0161\u0165 v dne\u0161nej dobe, ke\u010f sme atakovan\u00ed epid\u00e9miami Covidu, infl\u00e1cie, zdra\u017eovania, populizmu, a in\u00fdmi \u017eivotn\u00fdmi n\u00e1strahami. Viac \u010di menej, v\u0161etky \u00fato\u010dia aj na n\u00e1\u0161 zdrav\u00fd rozum. Slogan by teda mohol znie\u0165 aj takto: Ak chce\u0161 zdrav\u00fd rozum, spi na matraci Segum ! Ale \u010do je zdrav\u00fd rozum ? Ak sa z\u00e1ujemca o matrac prepracoval a\u017e k t\u00fdmto riadkom, je predpoklad, \u017ee si uvedomuje d\u00f4le\u017eitos\u0165 matraca a teda zdrav\u00fd rozum m\u00e1. M\u00f4\u017eeme preto pokra\u010dova\u0165 aj bez defin\u00edcie. Ot\u00e1zka je, ako s\u00favis\u00ed zdrav\u00fd rozum, resp. rozum v\u00f4bec, s matracom a ako s matracom od firmy Segum. S\u00favis\u00ed zna\u010dne. Ide o sp\u00e1nok. Pr\u00edroda n\u00e1s touto potrebou nekompromisne vybavila. Aj podstatn\u00e1 \u010das\u0165 \u017eivo\u010d\u00edchov sp\u00ed, a nesp\u00ed len tak hocikde, potrebuje k tomu bezpe\u010dn\u00e9 a pohodln\u00e9 miesto, \u010dloveka nevyn\u00edmaj\u00fac. Na\u0161e telo, najm\u00e4 mozog, potrebuje ka\u017edodenn\u00fd oddych, relax, uvo\u013enenie&#8230;, v jaskyni, v brlohu, v zem\u013eanke, drevenej chy\u017ei, kamennom dome, tehlovom, at\u010f., zoznam by bol dlh\u00fd. Na zemi, na zvieracej ko\u017ei, na tr\u00e1ve, listoch, na sene, niekedy od stredoveku na vreci naplnenom konsk\u00fdm vlasom, ov\u010dou vlnou, od 19. storo\u010dia na matraci plnenom slamou, a\u017e po dne\u0161n\u00fd matrac, vyvinut\u00fd na z\u00e1klade vedeck\u00e9ho, odborn\u00e9ho v\u00fdskumu. U\u017e pra\u010dlovek by n\u00e1m potvrdil, \u017ee ak sa zle vyspal, na druh\u00fd de\u0148 ve\u013ea neulovil. Investujeme do akci\u00ed, zlata, nehnute\u013enost\u00ed, vzdelania, do det\u00ed a mnoh\u00ed zab\u00fadame investova\u0165 do matraca ! Pritom s\u00favislos\u0165 je tak\u00e1 zrejm\u00e1. Dobre, na kvalitnom matraci vyspan\u00ed, s \u00fasmevom sa budiaci, sme zdrav\u0161\u00ed a spravidla vyprodukujeme aj viac \u201ezlata\u201c, lep\u0161ie vzdelanie, i viac det\u00ed J&#8230; Preto ne\u0161etrime na matraci ! Je to dlhodob\u00e1 invest\u00edcia \/5 \u2013 15 r. \u017eivotnos\u0165\/, ktor\u00e1 sa oplat\u00ed. Segum je slovensk\u00e1 firma, matrace vyr\u00e1ba aj na mieru, pod\u013ea potrieb z\u00e1kazn\u00edka. Produkuje matrace najvy\u0161\u0161ej kvality, vyvinut\u00e9 pod\u013ea najnov\u0161\u00edch poznatkov fyziol\u00f3gie spania, s certifik\u00e1tom antibakteri\u00e1lnych vlastnost\u00ed. Sendvi\u010dov\u00e9, pru\u017einov\u00e9, s ortopedick\u00fdm efektom, ta\u0161ti\u010dkov\u00e9, pam\u00e4\u0165ov\u00e1 pena, studen\u00e1 pena, komfortn\u00e1 pena, ro\u0161ty polohovate\u013en\u00e9, nepolohovate\u013en\u00e9, v\u00fdklopn\u00e9, 5 stup\u0148ov tvrdosti, z\u00f3nov\u00e1 tvrdos\u0165, rozmery matraca, nosnos\u0165 matraca, po\u0165ahy, polyester, bavlna, teploty prania, matrac pod\u013ea ob\u013e\u00fabenej polohy spania&#8230; Kto by sa v tom vyznal ? Parametrov je mnoho a e\u0161te viac ich kombin\u00e1ci\u00ed. Obrovskou v\u00fdhodou Segumu, ako slovensk\u00e9ho v\u00fdrobcu, je predaj iba vo vlastn\u00fdch a autorizovan\u00fdch predajniach, v ktor\u00fdch s\u00fa predajcovia \u0161kolen\u00ed priamo vo v\u00fdrobe. K tomu \u010fa\u013e\u0161ie eso \u2013 r\u00fdchly z\u00e1ru\u010dn\u00fd, aj poz\u00e1ru\u010dn\u00fd servis. Na trhu od r. 1992. \u010co urobi\u0165 viac pre odpo\u010dinok rozumu, ne\u017e spa\u0165 na matraci Segumu ?                                                                                                                                                                                                                                                                                                                                                                                                   "},{"@context":"https:\/\/schema.org\/","@type":"BreadcrumbList","itemListElement":[{"@type":"ListItem","position":1,"name":"Investujme do sp\u00e1nku !","item":"https:\/\/www.efeta.sk\/investujme-do-spanku\/#breadcrumbitem"}]}]