[{"@context":"https:\/\/schema.org\/","@type":"Blog","@id":"https:\/\/www.efeta.sk#Blog","headline":"Efeta","description":"\nChcete za\u010da\u0165 cvi\u010di\u0165, no skupinov\u00e9 cvi\u010denie v posil\u0148ovni, nie je ni\u010d pre v\u00e1s? Mnoh\u00e9 rady a tipy, ako za\u010da\u0165 i doma, n\u00e1jdete na na\u0161om webovom port\u00e1li.","url":"https:\/\/www.efeta.sk","hasPart":[{"@type":"Article","@id":"https:\/\/www.efeta.sk\/pohyb-a-vyvazena-strava-je-zaklad-pri-kazdom-chudnuti\/","headline":"Pohyb a vyv\u00e1\u017een\u00e1 strava je z\u00e1klad pri ka\u017edom chudnut\u00ed","url":"https:\/\/www.efeta.sk\/pohyb-a-vyvazena-strava-je-zaklad-pri-kazdom-chudnuti\/","datePublished":"2021-01-16","dateModified":"2023-09-16","mainEntityOfPage":"https:\/\/www.efeta.sk\/pohyb-a-vyvazena-strava-je-zaklad-pri-kazdom-chudnuti\/","author":{"@type":"Person","@id":"https:\/\/www.efeta.sk\/author\/#Person","name":"","url":"https:\/\/www.efeta.sk\/author\/","identifier":1,"image":{"@type":"ImageObject","@id":"https:\/\/secure.gravatar.com\/avatar\/325464d7e09ffe52889ba6983accc5cdb65d0a54acd9a25cd7e409bd3eba713a?s=96&d=mm&r=g","url":"https:\/\/secure.gravatar.com\/avatar\/325464d7e09ffe52889ba6983accc5cdb65d0a54acd9a25cd7e409bd3eba713a?s=96&d=mm&r=g","height":96,"width":96}},"publisher":{"@type":"Organization","name":"efeta.sk","logo":{"@type":"ImageObject","@id":"\/logo.png","url":"\/logo.png","width":600,"height":60}},"image":{"@type":"ImageObject","@id":"https:\/\/www.efeta.sk\/wp-content\/uploads\/sacharidy,%20pek%C3%A1rensk%C3%A9%20v%C3%BDrobky_1.jpg","url":"https:\/\/www.efeta.sk\/wp-content\/uploads\/sacharidy,%20pek%C3%A1rensk%C3%A9%20v%C3%BDrobky_1.jpg","height":0,"width":0},"wordCount":575,"keywords":null},{"@type":"Article","@id":"https:\/\/www.efeta.sk\/led-svetla-na-dnesnom-trhu-s-ovetlenim\/","headline":"Led svetl\u00e1 na dne\u0161nom trhu s ovetlen\u00edm","url":"https:\/\/www.efeta.sk\/led-svetla-na-dnesnom-trhu-s-ovetlenim\/","datePublished":"2020-12-28","dateModified":"2023-04-29","mainEntityOfPage":"https:\/\/www.efeta.sk\/led-svetla-na-dnesnom-trhu-s-ovetlenim\/","author":{"@type":"Person","@id":"https:\/\/www.efeta.sk\/author\/#Person","name":"","url":"https:\/\/www.efeta.sk\/author\/","identifier":1,"image":{"@type":"ImageObject","@id":"https:\/\/secure.gravatar.com\/avatar\/325464d7e09ffe52889ba6983accc5cdb65d0a54acd9a25cd7e409bd3eba713a?s=96&d=mm&r=g","url":"https:\/\/secure.gravatar.com\/avatar\/325464d7e09ffe52889ba6983accc5cdb65d0a54acd9a25cd7e409bd3eba713a?s=96&d=mm&r=g","height":96,"width":96}},"publisher":{"@type":"Organization","name":"efeta.sk","logo":{"@type":"ImageObject","@id":"\/logo.png","url":"\/logo.png","width":600,"height":60}},"image":{"@type":"ImageObject","@id":"https:\/\/www.efeta.sk\/wp-content\/uploads\/%C5%BEiarovka,%20rybi%C4%8Dka_2.jpg","url":"https:\/\/www.efeta.sk\/wp-content\/uploads\/%C5%BEiarovka,%20rybi%C4%8Dka_2.jpg","height":0,"width":0},"wordCount":634,"keywords":null},{"@type":"Article","@id":"https:\/\/www.efeta.sk\/vyskusajte-nove-moznosti-osvetlenia-s-modernymi-led-svetlami\/","headline":"Vysk\u00fa\u0161ajte nov\u00e9 mo\u017enosti osvetlenia s modern\u00fdmi led svetlami","url":"https:\/\/www.efeta.sk\/vyskusajte-nove-moznosti-osvetlenia-s-modernymi-led-svetlami\/","datePublished":"2020-12-25","dateModified":"2023-04-29","mainEntityOfPage":"https:\/\/www.efeta.sk\/vyskusajte-nove-moznosti-osvetlenia-s-modernymi-led-svetlami\/","author":{"@type":"Person","@id":"https:\/\/www.efeta.sk\/author\/#Person","name":"","url":"https:\/\/www.efeta.sk\/author\/","identifier":1,"image":{"@type":"ImageObject","@id":"https:\/\/secure.gravatar.com\/avatar\/325464d7e09ffe52889ba6983accc5cdb65d0a54acd9a25cd7e409bd3eba713a?s=96&d=mm&r=g","url":"https:\/\/secure.gravatar.com\/avatar\/325464d7e09ffe52889ba6983accc5cdb65d0a54acd9a25cd7e409bd3eba713a?s=96&d=mm&r=g","height":96,"width":96}},"publisher":{"@type":"Organization","name":"efeta.sk","logo":{"@type":"ImageObject","@id":"\/logo.png","url":"\/logo.png","width":600,"height":60}},"image":{"@type":"ImageObject","@id":"https:\/\/www.efeta.sk\/wp-content\/uploads\/modr%C3%A9%20vlasy,%20svetl%C3%A1.jpeg","url":"https:\/\/www.efeta.sk\/wp-content\/uploads\/modr%C3%A9%20vlasy,%20svetl%C3%A1.jpeg","height":0,"width":0},"wordCount":643,"keywords":null},{"@type":"Article","@id":"https:\/\/www.efeta.sk\/ziadny-iny-material-nezabezpeci-obsah-zasielky-tak-ako-plast\/","headline":"\u017diadny in\u00fd materi\u00e1l nezabezpe\u010d\u00ed obsah z\u00e1sielky tak ako plast","url":"https:\/\/www.efeta.sk\/ziadny-iny-material-nezabezpeci-obsah-zasielky-tak-ako-plast\/","datePublished":"2020-12-18","dateModified":"2023-04-29","mainEntityOfPage":"https:\/\/www.efeta.sk\/ziadny-iny-material-nezabezpeci-obsah-zasielky-tak-ako-plast\/","author":{"@type":"Person","@id":"https:\/\/www.efeta.sk\/author\/#Person","name":"","url":"https:\/\/www.efeta.sk\/author\/","identifier":1,"image":{"@type":"ImageObject","@id":"https:\/\/secure.gravatar.com\/avatar\/325464d7e09ffe52889ba6983accc5cdb65d0a54acd9a25cd7e409bd3eba713a?s=96&d=mm&r=g","url":"https:\/\/secure.gravatar.com\/avatar\/325464d7e09ffe52889ba6983accc5cdb65d0a54acd9a25cd7e409bd3eba713a?s=96&d=mm&r=g","height":96,"width":96}},"publisher":{"@type":"Organization","name":"efeta.sk","logo":{"@type":"ImageObject","@id":"\/logo.png","url":"\/logo.png","width":600,"height":60}},"image":{"@type":"ImageObject","@id":"https:\/\/www.efeta.sk\/wp-content\/uploads\/Obalka_1.jpg","url":"https:\/\/www.efeta.sk\/wp-content\/uploads\/Obalka_1.jpg","height":0,"width":0},"wordCount":545,"keywords":null},{"@type":"Article","@id":"https:\/\/www.efeta.sk\/masivne-panske-a-jemne-damske-strieborne-naramky\/","headline":"Mas\u00edvne p\u00e1nske a jemn\u00e9 d\u00e1mske strieborn\u00e9 n\u00e1ramky","url":"https:\/\/www.efeta.sk\/masivne-panske-a-jemne-damske-strieborne-naramky\/","datePublished":"2020-10-01","dateModified":"2020-10-01","mainEntityOfPage":"https:\/\/www.efeta.sk\/masivne-panske-a-jemne-damske-strieborne-naramky\/","author":{"@type":"Person","@id":"https:\/\/www.efeta.sk\/author\/#Person","name":"","url":"https:\/\/www.efeta.sk\/author\/","identifier":1,"image":{"@type":"ImageObject","@id":"https:\/\/secure.gravatar.com\/avatar\/325464d7e09ffe52889ba6983accc5cdb65d0a54acd9a25cd7e409bd3eba713a?s=96&d=mm&r=g","url":"https:\/\/secure.gravatar.com\/avatar\/325464d7e09ffe52889ba6983accc5cdb65d0a54acd9a25cd7e409bd3eba713a?s=96&d=mm&r=g","height":96,"width":96}},"publisher":{"@type":"Organization","name":"efeta.sk","logo":{"@type":"ImageObject","@id":"\/logo.png","url":"\/logo.png","width":600,"height":60}},"image":{"@type":"ImageObject","@id":"https:\/\/www.efeta.sk\/wp-content\/uploads\/jewelry-4779954_640.jpg","url":"https:\/\/www.efeta.sk\/wp-content\/uploads\/jewelry-4779954_640.jpg","height":0,"width":0},"wordCount":571,"keywords":null},{"@type":"Article","@id":"https:\/\/www.efeta.sk\/na-porno-mas-este-cas\/","headline":"Na porno m\u00e1\u0161 e\u0161te \u010das","url":"https:\/\/www.efeta.sk\/na-porno-mas-este-cas\/","datePublished":"2020-09-23","dateModified":"2023-04-29","mainEntityOfPage":"https:\/\/www.efeta.sk\/na-porno-mas-este-cas\/","author":{"@type":"Person","@id":"https:\/\/www.efeta.sk\/author\/#Person","name":"","url":"https:\/\/www.efeta.sk\/author\/","identifier":1,"image":{"@type":"ImageObject","@id":"https:\/\/secure.gravatar.com\/avatar\/325464d7e09ffe52889ba6983accc5cdb65d0a54acd9a25cd7e409bd3eba713a?s=96&d=mm&r=g","url":"https:\/\/secure.gravatar.com\/avatar\/325464d7e09ffe52889ba6983accc5cdb65d0a54acd9a25cd7e409bd3eba713a?s=96&d=mm&r=g","height":96,"width":96}},"publisher":{"@type":"Organization","name":"efeta.sk","logo":{"@type":"ImageObject","@id":"\/logo.png","url":"\/logo.png","width":600,"height":60}},"image":{"@type":"ImageObject","@id":"https:\/\/www.efeta.sk\/wp-content\/uploads\/hands-1167626_1920.jpg","url":"https:\/\/www.efeta.sk\/wp-content\/uploads\/hands-1167626_1920.jpg","height":0,"width":0},"wordCount":551,"keywords":null},{"@type":"Article","@id":"https:\/\/www.efeta.sk\/ake-su-vase-priority-pri-vybere-okien-a-ktory-typ-uprednostnujete\/","headline":"Ak\u00e9 s\u00fa va\u0161e priority pri v\u00fdbere okien a ktor\u00fd typ uprednost\u0148ujete?","url":"https:\/\/www.efeta.sk\/ake-su-vase-priority-pri-vybere-okien-a-ktory-typ-uprednostnujete\/","datePublished":"2020-01-09","dateModified":"2020-01-09","mainEntityOfPage":"https:\/\/www.efeta.sk\/ake-su-vase-priority-pri-vybere-okien-a-ktory-typ-uprednostnujete\/","author":{"@type":"Person","@id":"https:\/\/www.efeta.sk\/author\/#Person","name":"","url":"https:\/\/www.efeta.sk\/author\/","identifier":1,"image":{"@type":"ImageObject","@id":"https:\/\/secure.gravatar.com\/avatar\/325464d7e09ffe52889ba6983accc5cdb65d0a54acd9a25cd7e409bd3eba713a?s=96&d=mm&r=g","url":"https:\/\/secure.gravatar.com\/avatar\/325464d7e09ffe52889ba6983accc5cdb65d0a54acd9a25cd7e409bd3eba713a?s=96&d=mm&r=g","height":96,"width":96}},"publisher":{"@type":"Organization","name":"efeta.sk","logo":{"@type":"ImageObject","@id":"\/logo.png","url":"\/logo.png","width":600,"height":60}},"image":{"@type":"ImageObject","@id":"https:\/\/www.efeta.sk\/wp-content\/uploads\/img_a311116_w2022_t1585312167.jpg","url":"https:\/\/www.efeta.sk\/wp-content\/uploads\/img_a311116_w2022_t1585312167.jpg","height":0,"width":0},"wordCount":557,"keywords":null},{"@type":"Article","@id":"https:\/\/www.efeta.sk\/aky-su-muzi\/","headline":"Ak\u00fd s\u00fa mu\u017ei","url":"https:\/\/www.efeta.sk\/aky-su-muzi\/","datePublished":"2019-11-23","dateModified":"2023-04-29","mainEntityOfPage":"https:\/\/www.efeta.sk\/aky-su-muzi\/","author":{"@type":"Person","@id":"https:\/\/www.efeta.sk\/author\/#Person","name":"","url":"https:\/\/www.efeta.sk\/author\/","identifier":1,"image":{"@type":"ImageObject","@id":"https:\/\/secure.gravatar.com\/avatar\/325464d7e09ffe52889ba6983accc5cdb65d0a54acd9a25cd7e409bd3eba713a?s=96&d=mm&r=g","url":"https:\/\/secure.gravatar.com\/avatar\/325464d7e09ffe52889ba6983accc5cdb65d0a54acd9a25cd7e409bd3eba713a?s=96&d=mm&r=g","height":96,"width":96}},"publisher":{"@type":"Organization","name":"efeta.sk","logo":{"@type":"ImageObject","@id":"\/logo.png","url":"\/logo.png","width":600,"height":60}},"image":{"@type":"ImageObject","@id":"https:\/\/www.efeta.sk\/wp-content\/uploads\/img_a300925_w16525_t1558370403.jpg","url":"https:\/\/www.efeta.sk\/wp-content\/uploads\/img_a300925_w16525_t1558370403.jpg","height":0,"width":0},"wordCount":490,"keywords":null},{"@type":"Article","@id":"https:\/\/www.efeta.sk\/existuju-iba-dva-typy-zien\/","headline":"Existuj\u00fa iba dva typy \u017eien","url":"https:\/\/www.efeta.sk\/existuju-iba-dva-typy-zien\/","datePublished":"2019-11-17","dateModified":"2023-04-29","mainEntityOfPage":"https:\/\/www.efeta.sk\/existuju-iba-dva-typy-zien\/","author":{"@type":"Person","@id":"https:\/\/www.efeta.sk\/author\/#Person","name":"","url":"https:\/\/www.efeta.sk\/author\/","identifier":1,"image":{"@type":"ImageObject","@id":"https:\/\/secure.gravatar.com\/avatar\/325464d7e09ffe52889ba6983accc5cdb65d0a54acd9a25cd7e409bd3eba713a?s=96&d=mm&r=g","url":"https:\/\/secure.gravatar.com\/avatar\/325464d7e09ffe52889ba6983accc5cdb65d0a54acd9a25cd7e409bd3eba713a?s=96&d=mm&r=g","height":96,"width":96}},"publisher":{"@type":"Organization","name":"efeta.sk","logo":{"@type":"ImageObject","@id":"\/logo.png","url":"\/logo.png","width":600,"height":60}},"image":{"@type":"ImageObject","@id":"https:\/\/www.efeta.sk\/wp-content\/uploads\/img_a308524_w16531_t1575051932.jpg","url":"https:\/\/www.efeta.sk\/wp-content\/uploads\/img_a308524_w16531_t1575051932.jpg","height":0,"width":0},"wordCount":544,"keywords":null},{"@type":"Article","@id":"https:\/\/www.efeta.sk\/zdrava-aj-pocas-jesene\/","headline":"Zdrav\u00e1 aj po\u010das jesene","url":"https:\/\/www.efeta.sk\/zdrava-aj-pocas-jesene\/","datePublished":"2019-10-06","dateModified":"2019-10-06","mainEntityOfPage":"https:\/\/www.efeta.sk\/zdrava-aj-pocas-jesene\/","author":{"@type":"Person","@id":"https:\/\/www.efeta.sk\/author\/#Person","name":"","url":"https:\/\/www.efeta.sk\/author\/","identifier":1,"image":{"@type":"ImageObject","@id":"https:\/\/secure.gravatar.com\/avatar\/325464d7e09ffe52889ba6983accc5cdb65d0a54acd9a25cd7e409bd3eba713a?s=96&d=mm&r=g","url":"https:\/\/secure.gravatar.com\/avatar\/325464d7e09ffe52889ba6983accc5cdb65d0a54acd9a25cd7e409bd3eba713a?s=96&d=mm&r=g","height":96,"width":96}},"publisher":{"@type":"Organization","name":"efeta.sk","logo":{"@type":"ImageObject","@id":"\/logo.png","url":"\/logo.png","width":600,"height":60}},"image":{"@type":"ImageObject","@id":"https:\/\/www.efeta.sk\/wp-content\/uploads\/img_a307477_w16763_t1571843031.jpg","url":"https:\/\/www.efeta.sk\/wp-content\/uploads\/img_a307477_w16763_t1571843031.jpg","height":0,"width":0},"wordCount":516,"keywords":null}]},{"@context":"https:\/\/schema.org","@type":"WebSite","@id":"https:\/\/www.efeta.sk\/#website","name":"Efeta","url":"https:\/\/www.efeta.sk","potentialAction":{"@type":"SearchAction","target":"https:\/\/www.efeta.sk\/?s={search_term_string}","query-input":"required name=search_term_string"}}]