{"@context":"https:\/\/schema.org\/","@type":"CollectionPage","@id":"https:\/\/www.efeta.sk\/produkty\/#CollectionPage","headline":"Produkty Category","description":"","url":"https:\/\/www.efeta.sk\/produkty\/","hasPart":[{"@type":"Article","@id":"https:\/\/www.efeta.sk\/push-up-jeansy\/","headline":"Push-up jeansy","url":"https:\/\/www.efeta.sk\/push-up-jeansy\/","datePublished":"2022-12-25","dateModified":"2023-05-27","mainEntityOfPage":"https:\/\/www.efeta.sk\/push-up-jeansy\/","author":{"@type":"Person","@id":"https:\/\/www.efeta.sk\/author\/#Person","name":"","url":"https:\/\/www.efeta.sk\/author\/","identifier":1,"image":{"@type":"ImageObject","@id":"https:\/\/secure.gravatar.com\/avatar\/325464d7e09ffe52889ba6983accc5cdb65d0a54acd9a25cd7e409bd3eba713a?s=96&d=mm&r=g","url":"https:\/\/secure.gravatar.com\/avatar\/325464d7e09ffe52889ba6983accc5cdb65d0a54acd9a25cd7e409bd3eba713a?s=96&d=mm&r=g","height":96,"width":96}},"publisher":{"@type":"Organization","name":"efeta.sk","logo":{"@type":"ImageObject","@id":"\/logo.png","url":"\/logo.png","width":600,"height":60}},"image":{"@type":"ImageObject","@id":"https:\/\/www.efeta.sk\/wp-content\/uploads\/push%20up%20jeans.png","url":"https:\/\/www.efeta.sk\/wp-content\/uploads\/push%20up%20jeans.png","height":0,"width":0},"keywords":null},{"@type":"Article","@id":"https:\/\/www.efeta.sk\/oprava-mobilov-samsung\/","headline":"Oprava mobilov Samsung","url":"https:\/\/www.efeta.sk\/oprava-mobilov-samsung\/","datePublished":"2022-12-02","dateModified":"2023-04-29","mainEntityOfPage":"https:\/\/www.efeta.sk\/oprava-mobilov-samsung\/","author":{"@type":"Person","@id":"https:\/\/www.efeta.sk\/author\/#Person","name":"","url":"https:\/\/www.efeta.sk\/author\/","identifier":1,"image":{"@type":"ImageObject","@id":"https:\/\/secure.gravatar.com\/avatar\/325464d7e09ffe52889ba6983accc5cdb65d0a54acd9a25cd7e409bd3eba713a?s=96&d=mm&r=g","url":"https:\/\/secure.gravatar.com\/avatar\/325464d7e09ffe52889ba6983accc5cdb65d0a54acd9a25cd7e409bd3eba713a?s=96&d=mm&r=g","height":96,"width":96}},"publisher":{"@type":"Organization","name":"efeta.sk","logo":{"@type":"ImageObject","@id":"\/logo.png","url":"\/logo.png","width":600,"height":60}},"image":{"@type":"ImageObject","@id":"https:\/\/www.efeta.sk\/wp-content\/uploads\/kontakt.png","url":"https:\/\/www.efeta.sk\/wp-content\/uploads\/kontakt.png","height":0,"width":0},"keywords":null},{"@type":"Article","@id":"https:\/\/www.efeta.sk\/proces-efektivneho-krtkovania\/","headline":"Proces efekt\u00edvneho krtkovania","url":"https:\/\/www.efeta.sk\/proces-efektivneho-krtkovania\/","datePublished":"2022-10-30","dateModified":"2023-04-29","mainEntityOfPage":"https:\/\/www.efeta.sk\/proces-efektivneho-krtkovania\/","author":{"@type":"Person","@id":"https:\/\/www.efeta.sk\/author\/#Person","name":"","url":"https:\/\/www.efeta.sk\/author\/","identifier":1,"image":{"@type":"ImageObject","@id":"https:\/\/secure.gravatar.com\/avatar\/325464d7e09ffe52889ba6983accc5cdb65d0a54acd9a25cd7e409bd3eba713a?s=96&d=mm&r=g","url":"https:\/\/secure.gravatar.com\/avatar\/325464d7e09ffe52889ba6983accc5cdb65d0a54acd9a25cd7e409bd3eba713a?s=96&d=mm&r=g","height":96,"width":96}},"publisher":{"@type":"Organization","name":"efeta.sk","logo":{"@type":"ImageObject","@id":"\/logo.png","url":"\/logo.png","width":600,"height":60}},"image":{"@type":"ImageObject","@id":"https:\/\/www.efeta.sk\/wp-content\/uploads\/krtkovanie_10_10_10_10_9.jpg","url":"https:\/\/www.efeta.sk\/wp-content\/uploads\/krtkovanie_10_10_10_10_9.jpg","height":0,"width":0},"keywords":null},{"@type":"Article","@id":"https:\/\/www.efeta.sk\/kvalitne-dymovody-pre-vas-novy-krb\/","headline":"Kvalitn\u00e9 dymovody pre v\u00e1\u0161 nov\u00fd krb!","url":"https:\/\/www.efeta.sk\/kvalitne-dymovody-pre-vas-novy-krb\/","datePublished":"2022-10-27","dateModified":"2023-04-29","mainEntityOfPage":"https:\/\/www.efeta.sk\/kvalitne-dymovody-pre-vas-novy-krb\/","author":{"@type":"Person","@id":"https:\/\/www.efeta.sk\/author\/#Person","name":"","url":"https:\/\/www.efeta.sk\/author\/","identifier":1,"image":{"@type":"ImageObject","@id":"https:\/\/secure.gravatar.com\/avatar\/325464d7e09ffe52889ba6983accc5cdb65d0a54acd9a25cd7e409bd3eba713a?s=96&d=mm&r=g","url":"https:\/\/secure.gravatar.com\/avatar\/325464d7e09ffe52889ba6983accc5cdb65d0a54acd9a25cd7e409bd3eba713a?s=96&d=mm&r=g","height":96,"width":96}},"publisher":{"@type":"Organization","name":"efeta.sk","logo":{"@type":"ImageObject","@id":"\/logo.png","url":"\/logo.png","width":600,"height":60}},"image":{"@type":"ImageObject","@id":"https:\/\/www.efeta.sk\/wp-content\/uploads\/pexels-magda-ehlers-5322777.jpg","url":"https:\/\/www.efeta.sk\/wp-content\/uploads\/pexels-magda-ehlers-5322777.jpg","height":0,"width":0},"keywords":null},{"@type":"Article","@id":"https:\/\/www.efeta.sk\/sidlo-spolocnosti\/","headline":"S\u00eddlo spolo\u010dnosti","url":"https:\/\/www.efeta.sk\/sidlo-spolocnosti\/","datePublished":"2022-10-22","dateModified":"2023-04-29","mainEntityOfPage":"https:\/\/www.efeta.sk\/sidlo-spolocnosti\/","author":{"@type":"Person","@id":"https:\/\/www.efeta.sk\/author\/#Person","name":"","url":"https:\/\/www.efeta.sk\/author\/","identifier":1,"image":{"@type":"ImageObject","@id":"https:\/\/secure.gravatar.com\/avatar\/325464d7e09ffe52889ba6983accc5cdb65d0a54acd9a25cd7e409bd3eba713a?s=96&d=mm&r=g","url":"https:\/\/secure.gravatar.com\/avatar\/325464d7e09ffe52889ba6983accc5cdb65d0a54acd9a25cd7e409bd3eba713a?s=96&d=mm&r=g","height":96,"width":96}},"publisher":{"@type":"Organization","name":"efeta.sk","logo":{"@type":"ImageObject","@id":"\/logo.png","url":"\/logo.png","width":600,"height":60}},"image":{"@type":"ImageObject","@id":"https:\/\/www.efeta.sk\/wp-content\/uploads\/fd.jpg","url":"https:\/\/www.efeta.sk\/wp-content\/uploads\/fd.jpg","height":0,"width":0},"keywords":null},{"@type":"Article","@id":"https:\/\/www.efeta.sk\/hlad-je-zly\/","headline":"Hlad je zl\u00fd","url":"https:\/\/www.efeta.sk\/hlad-je-zly\/","datePublished":"2022-09-30","dateModified":"2023-08-22","mainEntityOfPage":"https:\/\/www.efeta.sk\/hlad-je-zly\/","author":{"@type":"Person","@id":"https:\/\/www.efeta.sk\/author\/#Person","name":"","url":"https:\/\/www.efeta.sk\/author\/","identifier":1,"image":{"@type":"ImageObject","@id":"https:\/\/secure.gravatar.com\/avatar\/325464d7e09ffe52889ba6983accc5cdb65d0a54acd9a25cd7e409bd3eba713a?s=96&d=mm&r=g","url":"https:\/\/secure.gravatar.com\/avatar\/325464d7e09ffe52889ba6983accc5cdb65d0a54acd9a25cd7e409bd3eba713a?s=96&d=mm&r=g","height":96,"width":96}},"publisher":{"@type":"Organization","name":"efeta.sk","logo":{"@type":"ImageObject","@id":"\/logo.png","url":"\/logo.png","width":600,"height":60}},"image":{"@type":"ImageObject","@id":"https:\/\/www.efeta.sk\/wp-content\/uploads\/blackboard-677578_1920.jpg","url":"https:\/\/www.efeta.sk\/wp-content\/uploads\/blackboard-677578_1920.jpg","height":0,"width":0},"keywords":null},{"@type":"Article","@id":"https:\/\/www.efeta.sk\/interiery-kde-nie-je-zastupene-sklo-by-ste-hladali-len-marne\/","headline":"Interi\u00e9ry, kde nie je zast\u00fapen\u00e9 sklo, by ste h\u013eadali len m\u00e1rne","url":"https:\/\/www.efeta.sk\/interiery-kde-nie-je-zastupene-sklo-by-ste-hladali-len-marne\/","datePublished":"2022-09-28","dateModified":"2023-04-29","mainEntityOfPage":"https:\/\/www.efeta.sk\/interiery-kde-nie-je-zastupene-sklo-by-ste-hladali-len-marne\/","author":{"@type":"Person","@id":"https:\/\/www.efeta.sk\/author\/#Person","name":"","url":"https:\/\/www.efeta.sk\/author\/","identifier":1,"image":{"@type":"ImageObject","@id":"https:\/\/secure.gravatar.com\/avatar\/325464d7e09ffe52889ba6983accc5cdb65d0a54acd9a25cd7e409bd3eba713a?s=96&d=mm&r=g","url":"https:\/\/secure.gravatar.com\/avatar\/325464d7e09ffe52889ba6983accc5cdb65d0a54acd9a25cd7e409bd3eba713a?s=96&d=mm&r=g","height":96,"width":96}},"publisher":{"@type":"Organization","name":"efeta.sk","logo":{"@type":"ImageObject","@id":"\/logo.png","url":"\/logo.png","width":600,"height":60}},"image":{"@type":"ImageObject","@id":"https:\/\/www.efeta.sk\/wp-content\/uploads\/grafosklo-11-310x252_1.jpg","url":"https:\/\/www.efeta.sk\/wp-content\/uploads\/grafosklo-11-310x252_1.jpg","height":0,"width":0},"keywords":null},{"@type":"Article","@id":"https:\/\/www.efeta.sk\/pri-kupe-nehnutelnosti-si-zistite-kolko-vas-jej-prevadzka-bude-stat\/","headline":"Pri k\u00fape nehnute\u013enosti si zistite, ko\u013eko v\u00e1s jej prev\u00e1dzka bude st\u00e1\u0165","url":"https:\/\/www.efeta.sk\/pri-kupe-nehnutelnosti-si-zistite-kolko-vas-jej-prevadzka-bude-stat\/","datePublished":"2022-09-25","dateModified":"2023-04-29","mainEntityOfPage":"https:\/\/www.efeta.sk\/pri-kupe-nehnutelnosti-si-zistite-kolko-vas-jej-prevadzka-bude-stat\/","author":{"@type":"Person","@id":"https:\/\/www.efeta.sk\/author\/#Person","name":"","url":"https:\/\/www.efeta.sk\/author\/","identifier":1,"image":{"@type":"ImageObject","@id":"https:\/\/secure.gravatar.com\/avatar\/325464d7e09ffe52889ba6983accc5cdb65d0a54acd9a25cd7e409bd3eba713a?s=96&d=mm&r=g","url":"https:\/\/secure.gravatar.com\/avatar\/325464d7e09ffe52889ba6983accc5cdb65d0a54acd9a25cd7e409bd3eba713a?s=96&d=mm&r=g","height":96,"width":96}},"publisher":{"@type":"Organization","name":"efeta.sk","logo":{"@type":"ImageObject","@id":"\/logo.png","url":"\/logo.png","width":600,"height":60}},"image":{"@type":"ImageObject","@id":"https:\/\/www.efeta.sk\/wp-content\/uploads\/R%20(17)_3.jpg","url":"https:\/\/www.efeta.sk\/wp-content\/uploads\/R%20(17)_3.jpg","height":0,"width":0},"keywords":null},{"@type":"Article","@id":"https:\/\/www.efeta.sk\/mobilny-dom-3kk\/","headline":"Mobiln\u00fd dom 3+KK","url":"https:\/\/www.efeta.sk\/mobilny-dom-3kk\/","datePublished":"2022-09-18","dateModified":"2023-04-29","mainEntityOfPage":"https:\/\/www.efeta.sk\/mobilny-dom-3kk\/","author":{"@type":"Person","@id":"https:\/\/www.efeta.sk\/author\/#Person","name":"","url":"https:\/\/www.efeta.sk\/author\/","identifier":1,"image":{"@type":"ImageObject","@id":"https:\/\/secure.gravatar.com\/avatar\/325464d7e09ffe52889ba6983accc5cdb65d0a54acd9a25cd7e409bd3eba713a?s=96&d=mm&r=g","url":"https:\/\/secure.gravatar.com\/avatar\/325464d7e09ffe52889ba6983accc5cdb65d0a54acd9a25cd7e409bd3eba713a?s=96&d=mm&r=g","height":96,"width":96}},"publisher":{"@type":"Organization","name":"efeta.sk","logo":{"@type":"ImageObject","@id":"\/logo.png","url":"\/logo.png","width":600,"height":60}},"image":{"@type":"ImageObject","@id":"https:\/\/www.efeta.sk\/wp-content\/uploads\/pexels-david-gonzales-2640604.jpg","url":"https:\/\/www.efeta.sk\/wp-content\/uploads\/pexels-david-gonzales-2640604.jpg","height":0,"width":0},"keywords":null},{"@type":"Article","@id":"https:\/\/www.efeta.sk\/o-zabradli-na-balkon\/","headline":"O z\u00e1bradl\u00ed na balk\u00f3n","url":"https:\/\/www.efeta.sk\/o-zabradli-na-balkon\/","datePublished":"2022-09-17","dateModified":"2023-04-29","mainEntityOfPage":"https:\/\/www.efeta.sk\/o-zabradli-na-balkon\/","author":{"@type":"Person","@id":"https:\/\/www.efeta.sk\/author\/#Person","name":"","url":"https:\/\/www.efeta.sk\/author\/","identifier":1,"image":{"@type":"ImageObject","@id":"https:\/\/secure.gravatar.com\/avatar\/325464d7e09ffe52889ba6983accc5cdb65d0a54acd9a25cd7e409bd3eba713a?s=96&d=mm&r=g","url":"https:\/\/secure.gravatar.com\/avatar\/325464d7e09ffe52889ba6983accc5cdb65d0a54acd9a25cd7e409bd3eba713a?s=96&d=mm&r=g","height":96,"width":96}},"publisher":{"@type":"Organization","name":"efeta.sk","logo":{"@type":"ImageObject","@id":"\/logo.png","url":"\/logo.png","width":600,"height":60}},"image":{"@type":"ImageObject","@id":"https:\/\/www.efeta.sk\/wp-content\/uploads\/railing-4525845_960_720.jpg","url":"https:\/\/www.efeta.sk\/wp-content\/uploads\/railing-4525845_960_720.jpg","height":0,"width":0},"keywords":null}]}